{"id":52,"date":"2015-02-20T15:12:02","date_gmt":"2015-02-20T20:12:02","guid":{"rendered":"http:\/\/www.senscrea.com\/?p=52"},"modified":"2015-02-23T14:06:49","modified_gmt":"2015-02-23T19:06:49","slug":"%c2%a8quelque-chose-de-different-%c2%a8","status":"publish","type":"post","link":"https:\/\/www.senscrea.com\/?p=52","title":{"rendered":"\u00a8Quelque chose de diff\u00e9rent&#8230;\u00a8"},"content":{"rendered":"<div id=\"attachment_71\" style=\"width: 218px\" class=\"wp-caption alignleft\"><a href=\"http:\/\/www.senscrea.com\/wp-content\/uploads\/2015\/02\/lesmasquesdelune.jpg\"><img loading=\"lazy\" decoding=\"async\" aria-describedby=\"caption-attachment-71\" class=\"wp-image-71 size-medium\" src=\"http:\/\/www.senscrea.com\/wp-content\/uploads\/2015\/02\/lesmasquesdelune-218x300.jpg\" alt=\"lesmasquesdelune\" width=\"218\" height=\"300\" srcset=\"https:\/\/www.senscrea.com\/wp-content\/uploads\/2015\/02\/lesmasquesdelune-218x300.jpg 218w, https:\/\/www.senscrea.com\/wp-content\/uploads\/2015\/02\/lesmasquesdelune-743x1024.jpg 743w, https:\/\/www.senscrea.com\/wp-content\/uploads\/2015\/02\/lesmasquesdelune.jpg 1904w\" sizes=\"auto, (max-width: 218px) 100vw, 218px\" \/><\/a><p id=\"caption-attachment-71\" class=\"wp-caption-text\">Les masques de lune- 2004, Sandra Gouppil<\/p><\/div>\n<p lang=\"fr-FR\"><b><\/b><b><i>Le Temps retrouv\u00e9,<\/i> Marcel Proust<\/b><\/p>\n<p lang=\"fr-FR\"><b>\u00a8Ce travail de l\u2019artiste, de chercher \u00e0 apercevoir sous de la mati\u00e8re, sous de l\u2019exp\u00e9rience, sous des mots, quelque chose de diff\u00e9rent,\u00a8 <\/b><!--more--><\/p>\n<p lang=\"fr-FR\"><b>\u00a8Par l\u2019art seulement nous pouvons sortir de nous, savoir ce que voit un autre de cet univers qui n\u2019est pas le m\u00eame que le n\u00f4tre, et dont les paysages nous seraient rest\u00e9s aussi inconnus que ceux qu\u2019il peut y avoir dans la lune. Gr\u00e2ce \u00e0 l\u2019art, au lieu de voir un seul monde, le n\u00f4tre, nous le voyons se multiplier, et autant qu\u2019il y ait d\u2019artistes originaux, autant nous avons de mondes \u00e0 notre disposition \u00a8<\/b><\/p>\n","protected":false},"excerpt":{"rendered":"<p>Le Temps retrouv\u00e9, Marcel Proust \u00a8Ce travail de l\u2019artiste, de chercher \u00e0 apercevoir sous de la mati\u00e8re, sous de l\u2019exp\u00e9rience, sous des mots, quelque chose de diff\u00e9rent,\u00a8<\/p><p><a class=\"more-link btn\" href=\"https:\/\/www.senscrea.com\/?p=52\">Continue reading<\/a><\/p>\n","protected":false},"author":2,"featured_media":0,"comment_status":"open","ping_status":"open","sticky":false,"template":"","format":"standard","meta":{"footnotes":""},"categories":[7],"tags":[],"class_list":["post-52","post","type-post","status-publish","format-standard","hentry","category-reference-culturelle","item-wrap"],"_links":{"self":[{"href":"https:\/\/www.senscrea.com\/index.php?rest_route=\/wp\/v2\/posts\/52","targetHints":{"allow":["GET"]}}],"collection":[{"href":"https:\/\/www.senscrea.com\/index.php?rest_route=\/wp\/v2\/posts"}],"about":[{"href":"https:\/\/www.senscrea.com\/index.php?rest_route=\/wp\/v2\/types\/post"}],"author":[{"embeddable":true,"href":"https:\/\/www.senscrea.com\/index.php?rest_route=\/wp\/v2\/users\/2"}],"replies":[{"embeddable":true,"href":"https:\/\/www.senscrea.com\/index.php?rest_route=%2Fwp%2Fv2%2Fcomments&post=52"}],"version-history":[{"count":7,"href":"https:\/\/www.senscrea.com\/index.php?rest_route=\/wp\/v2\/posts\/52\/revisions"}],"predecessor-version":[{"id":171,"href":"https:\/\/www.senscrea.com\/index.php?rest_route=\/wp\/v2\/posts\/52\/revisions\/171"}],"wp:attachment":[{"href":"https:\/\/www.senscrea.com\/index.php?rest_route=%2Fwp%2Fv2%2Fmedia&parent=52"}],"wp:term":[{"taxonomy":"category","embeddable":true,"href":"https:\/\/www.senscrea.com\/index.php?rest_route=%2Fwp%2Fv2%2Fcategories&post=52"},{"taxonomy":"post_tag","embeddable":true,"href":"https:\/\/www.senscrea.com\/index.php?rest_route=%2Fwp%2Fv2%2Ftags&post=52"}],"curies":[{"name":"wp","href":"https:\/\/api.w.org\/{rel}","templated":true}]}}